{"id":491,"date":"2022-09-28T15:04:03","date_gmt":"2022-09-28T13:04:03","guid":{"rendered":"https:\/\/tischtennis-biesfeld.de\/?p=491"},"modified":"2022-09-28T15:48:28","modified_gmt":"2022-09-28T13:48:28","slug":"weltkindertag-in-kuerten","status":"publish","type":"post","link":"https:\/\/tischtennis-biesfeld.de\/?p=491","title":{"rendered":"Weltkindertag in K\u00fcrten"},"content":{"rendered":"\n<p>Am Samstag, 24.09.22, fand zum 1. Mal zum Weltkindertag eine eigene Veranstaltung in K\u00fcrten statt. <br>Neben anderen Vereinen und Organisationen haben auch wir mit unserem Verein ein Zeichen f\u00fcr Kinder setzen wollen und waren folglich auch dabei.<br><br>Obwohl das Wetter nicht sehr einladend war, konnten sich die Organisatoren und Teilnehmer an den einzelnen Stationen \u00fcber eine gro\u00dfe Besucherzahl sehr freuen. Der Einsatz hatte sich gelohnt.<br><br>Im K51 war eine Tischtennisplatte aufgestellt, an der die Besucher, Kinder und auch Eltern, unseren Sport ausprobieren konnten.<br>Neben Jugendwart Tobias und Gregor waren noch zwei unserer Jungendspieler, Johan und Anton, mit vor Ort, um Hilfestellung zu geben bzw. als Partner mit den Interessierten zu spielen.<br><br>Wir hatten eine Vielzahl von netten und anregenden Gespr\u00e4chen in den drei Stunden.<br>Und wer wei\u00df, vielleicht werden wir ja auch das eine oder andere Kind demn\u00e4chst mal in unserer Halle in Biesfeld begr\u00fc\u00dfen d\u00fcrfen. Das w\u00fcrde uns dann sehr freuen.<br><br>Mal schauen, ob 2023 wir ein Fest zum Weltkindertag in K\u00fcrten gibt. Wir w\u00e4ren sicherlich wieder dabei.<\/p>\n\n\n\n<p><br><br><\/p>\n\n\n\n<p> <\/p>\n","protected":false},"excerpt":{"rendered":"<p>Am Samstag, 24.09.22, fand zum 1. Mal zum Weltkindertag eine eigene Veranstaltung in K\u00fcrten statt. Neben anderen Vereinen und Organisationen haben auch wir mit unserem Verein ein Zeichen f\u00fcr Kinder setzen wollen und waren folglich auch dabei. Obwohl das Wetter nicht sehr einladend war, konnten sich die Organisatoren und Teilnehmer an den einzelnen Stationen \u00fcber [&hellip;]<\/p>\n","protected":false},"author":1,"featured_media":492,"comment_status":"closed","ping_status":"closed","sticky":false,"template":"","format":"standard","meta":{"site-sidebar-layout":"default","site-content-layout":"","ast-site-content-layout":"default","site-content-style":"default","site-sidebar-style":"default","ast-global-header-display":"","ast-banner-title-visibility":"","ast-main-header-display":"","ast-hfb-above-header-display":"","ast-hfb-below-header-display":"","ast-hfb-mobile-header-display":"","site-post-title":"","ast-breadcrumbs-content":"","ast-featured-img":"","footer-sml-layout":"","ast-disable-related-posts":"","theme-transparent-header-meta":"","adv-header-id-meta":"","stick-header-meta":"","header-above-stick-meta":"","header-main-stick-meta":"","header-below-stick-meta":"","astra-migrate-meta-layouts":"default","ast-page-background-enabled":"default","ast-page-background-meta":{"desktop":{"background-color":"var(--ast-global-color-4)","background-image":"","background-repeat":"repeat","background-position":"center center","background-size":"auto","background-attachment":"scroll","background-type":"","background-media":"","overlay-type":"","overlay-color":"","overlay-opacity":"","overlay-gradient":""},"tablet":{"background-color":"","background-image":"","background-repeat":"repeat","background-position":"center center","background-size":"auto","background-attachment":"scroll","background-type":"","background-media":"","overlay-type":"","overlay-color":"","overlay-opacity":"","overlay-gradient":""},"mobile":{"background-color":"","background-image":"","background-repeat":"repeat","background-position":"center center","background-size":"auto","background-attachment":"scroll","background-type":"","background-media":"","overlay-type":"","overlay-color":"","overlay-opacity":"","overlay-gradient":""}},"ast-content-background-meta":{"desktop":{"background-color":"var(--ast-global-color-5)","background-image":"","background-repeat":"repeat","background-position":"center center","background-size":"auto","background-attachment":"scroll","background-type":"","background-media":"","overlay-type":"","overlay-color":"","overlay-opacity":"","overlay-gradient":""},"tablet":{"background-color":"var(--ast-global-color-5)","background-image":"","background-repeat":"repeat","background-position":"center center","background-size":"auto","background-attachment":"scroll","background-type":"","background-media":"","overlay-type":"","overlay-color":"","overlay-opacity":"","overlay-gradient":""},"mobile":{"background-color":"var(--ast-global-color-5)","background-image":"","background-repeat":"repeat","background-position":"center center","background-size":"auto","background-attachment":"scroll","background-type":"","background-media":"","overlay-type":"","overlay-color":"","overlay-opacity":"","overlay-gradient":""}},"footnotes":""},"categories":[1],"tags":[],"class_list":["post-491","post","type-post","status-publish","format-standard","has-post-thumbnail","hentry","category-allgemein"],"_links":{"self":[{"href":"https:\/\/tischtennis-biesfeld.de\/index.php?rest_route=\/wp\/v2\/posts\/491","targetHints":{"allow":["GET"]}}],"collection":[{"href":"https:\/\/tischtennis-biesfeld.de\/index.php?rest_route=\/wp\/v2\/posts"}],"about":[{"href":"https:\/\/tischtennis-biesfeld.de\/index.php?rest_route=\/wp\/v2\/types\/post"}],"author":[{"embeddable":true,"href":"https:\/\/tischtennis-biesfeld.de\/index.php?rest_route=\/wp\/v2\/users\/1"}],"replies":[{"embeddable":true,"href":"https:\/\/tischtennis-biesfeld.de\/index.php?rest_route=%2Fwp%2Fv2%2Fcomments&post=491"}],"version-history":[{"count":4,"href":"https:\/\/tischtennis-biesfeld.de\/index.php?rest_route=\/wp\/v2\/posts\/491\/revisions"}],"predecessor-version":[{"id":496,"href":"https:\/\/tischtennis-biesfeld.de\/index.php?rest_route=\/wp\/v2\/posts\/491\/revisions\/496"}],"wp:featuredmedia":[{"embeddable":true,"href":"https:\/\/tischtennis-biesfeld.de\/index.php?rest_route=\/wp\/v2\/media\/492"}],"wp:attachment":[{"href":"https:\/\/tischtennis-biesfeld.de\/index.php?rest_route=%2Fwp%2Fv2%2Fmedia&parent=491"}],"wp:term":[{"taxonomy":"category","embeddable":true,"href":"https:\/\/tischtennis-biesfeld.de\/index.php?rest_route=%2Fwp%2Fv2%2Fcategories&post=491"},{"taxonomy":"post_tag","embeddable":true,"href":"https:\/\/tischtennis-biesfeld.de\/index.php?rest_route=%2Fwp%2Fv2%2Ftags&post=491"}],"curies":[{"name":"wp","href":"https:\/\/api.w.org\/{rel}","templated":true}]}}