{"id":689,"date":"2022-11-22T08:20:17","date_gmt":"2022-11-22T07:20:17","guid":{"rendered":"https:\/\/tischtennis-biesfeld.de\/?p=689"},"modified":"2022-12-15T07:06:17","modified_gmt":"2022-12-15T06:06:17","slug":"trauer-um-hans-joachim-walter","status":"publish","type":"post","link":"https:\/\/tischtennis-biesfeld.de\/?p=689","title":{"rendered":"Trauer um Hans-Joachim Walter"},"content":{"rendered":"\n<p>Mit gro\u00dfer Trauer haben wir die Nachricht aufgenommen, dass unser Vereinsmitglied Hans-Joachim Walter im Alter von 78 Jahren am 09.11.2022 verstorben ist.<br><br>In seiner 40-j\u00e4hrigen Vereinszugeh\u00f6rigkeit war er nicht nur als Spieler Teil unserer Gemeinschaft, sondern hat auch mit gro\u00dfem Engagement die unterschiedlichsten Funktionen im Verein \u00fcbernommen.<br><br>Angefangen als Pressewart 1984 arbeitete er von 1986 bis 2018 in den unterschiedlichsten Positionen des gesch\u00e4ftsf\u00fchrenden Vorstands (Kassenwart, Gesch\u00e4ftsf\u00fchrer, 2. Vorsitzender) und 8 Jahre als 1. Vorsitzender.<br>Zeitweise \u00fcbernahm er auch gleichzeitig die Funktionen Kassenwart und Gesch\u00e4ftsf\u00fchrer.<br><br>Als ob diese Aufgaben nicht genug gewesen w\u00e4ren, war er auch als Kassierer, Kassenpr\u00fcfer, Jugendtrainer wie auch als Delegierter f\u00fcr den Verein auf diversen Kreis- und Bezirkstagungen t\u00e4tig oder fuhr auch die Jugendlichen zu den Ausw\u00e4rtsspielen. <br><br>F\u00fcr all diese Dienste f\u00fcr unseren Verein sind wir zu gro\u00dfem Dank verpflichtet.<br><br>Die Phoenix wird ihm ein ehrendes Andenken bewahren.<\/p>\n","protected":false},"excerpt":{"rendered":"<p>Mit gro\u00dfer Trauer haben wir die Nachricht aufgenommen, dass unser Vereinsmitglied Hans-Joachim Walter im Alter von 78 Jahren am 09.11.2022 verstorben ist. In seiner 40-j\u00e4hrigen Vereinszugeh\u00f6rigkeit war er nicht nur als Spieler Teil unserer Gemeinschaft, sondern hat auch mit gro\u00dfem Engagement die unterschiedlichsten Funktionen im Verein \u00fcbernommen. Angefangen als Pressewart 1984 arbeitete er von 1986 [&hellip;]<\/p>\n","protected":false},"author":1,"featured_media":0,"comment_status":"closed","ping_status":"closed","sticky":false,"template":"","format":"standard","meta":{"site-sidebar-layout":"default","site-content-layout":"","ast-site-content-layout":"default","site-content-style":"default","site-sidebar-style":"default","ast-global-header-display":"","ast-banner-title-visibility":"","ast-main-header-display":"","ast-hfb-above-header-display":"","ast-hfb-below-header-display":"","ast-hfb-mobile-header-display":"","site-post-title":"","ast-breadcrumbs-content":"","ast-featured-img":"","footer-sml-layout":"","ast-disable-related-posts":"","theme-transparent-header-meta":"","adv-header-id-meta":"","stick-header-meta":"","header-above-stick-meta":"","header-main-stick-meta":"","header-below-stick-meta":"","astra-migrate-meta-layouts":"default","ast-page-background-enabled":"default","ast-page-background-meta":{"desktop":{"background-color":"var(--ast-global-color-4)","background-image":"","background-repeat":"repeat","background-position":"center center","background-size":"auto","background-attachment":"scroll","background-type":"","background-media":"","overlay-type":"","overlay-color":"","overlay-opacity":"","overlay-gradient":""},"tablet":{"background-color":"","background-image":"","background-repeat":"repeat","background-position":"center center","background-size":"auto","background-attachment":"scroll","background-type":"","background-media":"","overlay-type":"","overlay-color":"","overlay-opacity":"","overlay-gradient":""},"mobile":{"background-color":"","background-image":"","background-repeat":"repeat","background-position":"center center","background-size":"auto","background-attachment":"scroll","background-type":"","background-media":"","overlay-type":"","overlay-color":"","overlay-opacity":"","overlay-gradient":""}},"ast-content-background-meta":{"desktop":{"background-color":"var(--ast-global-color-5)","background-image":"","background-repeat":"repeat","background-position":"center center","background-size":"auto","background-attachment":"scroll","background-type":"","background-media":"","overlay-type":"","overlay-color":"","overlay-opacity":"","overlay-gradient":""},"tablet":{"background-color":"var(--ast-global-color-5)","background-image":"","background-repeat":"repeat","background-position":"center center","background-size":"auto","background-attachment":"scroll","background-type":"","background-media":"","overlay-type":"","overlay-color":"","overlay-opacity":"","overlay-gradient":""},"mobile":{"background-color":"var(--ast-global-color-5)","background-image":"","background-repeat":"repeat","background-position":"center center","background-size":"auto","background-attachment":"scroll","background-type":"","background-media":"","overlay-type":"","overlay-color":"","overlay-opacity":"","overlay-gradient":""}},"footnotes":""},"categories":[1],"tags":[],"class_list":["post-689","post","type-post","status-publish","format-standard","hentry","category-allgemein"],"_links":{"self":[{"href":"https:\/\/tischtennis-biesfeld.de\/index.php?rest_route=\/wp\/v2\/posts\/689","targetHints":{"allow":["GET"]}}],"collection":[{"href":"https:\/\/tischtennis-biesfeld.de\/index.php?rest_route=\/wp\/v2\/posts"}],"about":[{"href":"https:\/\/tischtennis-biesfeld.de\/index.php?rest_route=\/wp\/v2\/types\/post"}],"author":[{"embeddable":true,"href":"https:\/\/tischtennis-biesfeld.de\/index.php?rest_route=\/wp\/v2\/users\/1"}],"replies":[{"embeddable":true,"href":"https:\/\/tischtennis-biesfeld.de\/index.php?rest_route=%2Fwp%2Fv2%2Fcomments&post=689"}],"version-history":[{"count":2,"href":"https:\/\/tischtennis-biesfeld.de\/index.php?rest_route=\/wp\/v2\/posts\/689\/revisions"}],"predecessor-version":[{"id":798,"href":"https:\/\/tischtennis-biesfeld.de\/index.php?rest_route=\/wp\/v2\/posts\/689\/revisions\/798"}],"wp:attachment":[{"href":"https:\/\/tischtennis-biesfeld.de\/index.php?rest_route=%2Fwp%2Fv2%2Fmedia&parent=689"}],"wp:term":[{"taxonomy":"category","embeddable":true,"href":"https:\/\/tischtennis-biesfeld.de\/index.php?rest_route=%2Fwp%2Fv2%2Fcategories&post=689"},{"taxonomy":"post_tag","embeddable":true,"href":"https:\/\/tischtennis-biesfeld.de\/index.php?rest_route=%2Fwp%2Fv2%2Ftags&post=689"}],"curies":[{"name":"wp","href":"https:\/\/api.w.org\/{rel}","templated":true}]}}